{"id":2640,"date":"2018-11-22T04:10:49","date_gmt":"2018-11-22T03:10:49","guid":{"rendered":"http:\/\/www.arbe-dev.comeon.nc\/?p=2640"},"modified":"2020-07-16T16:38:59","modified_gmt":"2020-07-16T05:38:59","slug":"bridge-repair-riviere-salee","status":"publish","type":"post","link":"https:\/\/www.arbe.nc\/en\/bridge-repair-riviere-salee\/","title":{"rendered":"Riviere Salee bridge repair"},"content":{"rendered":"<p>Le chantier de r\u00e9paration du pont de Rivi\u00e8re Sal\u00e9e, sur la voie express est termin\u00e9. Le travail a \u00e9t\u00e9 r\u00e9parti sur 2 \u00e9quipes, une \u00e9quipe de jour et une \u00e9quipe de nuit. Les travaux de nuit ont consist\u00e9 en la remise \u00e0 neuf de tous les \u00e9quipements de s\u00e9curit\u00e9 (garde-corps, glissi\u00e8res, gargouilles, caniveau, joint de chauss\u00e9e), ainsi qu&#8217;en une l\u00e9g\u00e8re reprise du profil routier afin de g\u00e9n\u00e9rer un trottoir de service. Au sujet des travaux sur l&#8217;intrados de l&#8217;ouvrage r\u00e9alis\u00e9s par l&#8217;\u00e9quipe de jour, un grand \u00e9chafaudage suspendu sous toute la sous-face du pont (plus de 500 m\u00b2) a \u00e9t\u00e9 mis en place, gr\u00e2ce auquel nous avons pu r\u00e9parer les structures porteuses : chev\u00eatres, poutres et sous-face du tablier. Une protection par rev\u00eatement sur toute la sous-face a \u00e9t\u00e9 appliqu\u00e9e par la suite.<\/p>\n<p>Le travail r\u00e9alis\u00e9 par les deux \u00e9quipes est tr\u00e8s satisfaisant et il d\u00e9montre la forte technicit\u00e9 d&#8217;Arb\u00e9 sur ce type de r\u00e9paration.<\/p>\n<p>Aujourd&#8217;hui, le pont de Rivi\u00e8re Sal\u00e9e ressemble \u00e0 un pont neuf !<\/p>\n","protected":false},"excerpt":{"rendered":"<p>Le chantier de r\u00e9paration du pont de Rivi\u00e8re Sal\u00e9e, sur la voie express est termin\u00e9. Le travail a \u00e9t\u00e9 r\u00e9parti sur 2 \u00e9quipes, une \u00e9quipe de<span class=\"excerpt-hellip\"> [\u2026]<\/span><\/p>\n","protected":false},"author":3,"featured_media":2051,"comment_status":"closed","ping_status":"closed","sticky":false,"template":"","format":"standard","meta":{"sfsi_plus_gutenberg_text_before_share":"","sfsi_plus_gutenberg_show_text_before_share":"","sfsi_plus_gutenberg_icon_type":"","sfsi_plus_gutenberg_icon_alignemt":"","sfsi_plus_gutenburg_max_per_row":"","footnotes":""},"categories":[9],"tags":[],"class_list":["post-2640","post","type-post","status-publish","format-standard","has-post-thumbnail","hentry","category-nouvelle-en"],"yoast_head":"<!-- This site is optimized with the Yoast SEO plugin v25.2 - https:\/\/yoast.com\/wordpress\/plugins\/seo\/ -->\n<title>Riviere Salee bridge repair - Arbe<\/title>\n<meta name=\"robots\" content=\"index, follow, max-snippet:-1, max-image-preview:large, max-video-preview:-1\" \/>\n<link rel=\"canonical\" href=\"https:\/\/www.arbe.nc\/reparation-du-pont-de-riviere-salee-sur-la-vdo\/\" \/>\n<meta property=\"og:locale\" content=\"en_US\" \/>\n<meta property=\"og:type\" content=\"article\" \/>\n<meta property=\"og:title\" content=\"Riviere Salee bridge repair - Arbe\" \/>\n<meta property=\"og:description\" content=\"Le chantier de r\u00e9paration du pont de Rivi\u00e8re Sal\u00e9e, sur la voie express est termin\u00e9. Le travail a \u00e9t\u00e9 r\u00e9parti sur 2 \u00e9quipes, une \u00e9quipe de [\u2026]\" \/>\n<meta property=\"og:url\" content=\"https:\/\/www.arbe.nc\/reparation-du-pont-de-riviere-salee-sur-la-vdo\/\" \/>\n<meta property=\"og:site_name\" content=\"Arbe\" \/>\n<meta property=\"article:publisher\" content=\"https:\/\/www.facebook.com\/arbenouvellecaledonie\" \/>\n<meta property=\"article:published_time\" content=\"2018-11-22T03:10:49+00:00\" \/>\n<meta property=\"article:modified_time\" content=\"2020-07-16T05:38:59+00:00\" \/>\n<meta property=\"og:image\" content=\"https:\/\/www.arbe.nc\/wp-content\/uploads\/2018\/07\/Pont-RS-2-min.jpg\" \/>\n\t<meta property=\"og:image:width\" content=\"1920\" \/>\n\t<meta property=\"og:image:height\" content=\"2560\" \/>\n\t<meta property=\"og:image:type\" content=\"image\/jpeg\" \/>\n<meta name=\"author\" content=\"Admin_Contact\" \/>\n<meta name=\"twitter:card\" content=\"summary_large_image\" \/>\n<meta name=\"twitter:label1\" content=\"Written by\" \/>\n\t<meta name=\"twitter:data1\" content=\"Admin_Contact\" \/>\n\t<meta name=\"twitter:label2\" content=\"Est. reading time\" \/>\n\t<meta name=\"twitter:data2\" content=\"1 minute\" \/>\n<script type=\"application\/ld+json\" class=\"yoast-schema-graph\">{\"@context\":\"https:\/\/schema.org\",\"@graph\":[{\"@type\":\"WebPage\",\"@id\":\"https:\/\/www.arbe.nc\/reparation-du-pont-de-riviere-salee-sur-la-vdo\/\",\"url\":\"https:\/\/www.arbe.nc\/reparation-du-pont-de-riviere-salee-sur-la-vdo\/\",\"name\":\"Riviere Salee bridge repair - Arbe\",\"isPartOf\":{\"@id\":\"https:\/\/www.arbe.nc\/#website\"},\"primaryImageOfPage\":{\"@id\":\"https:\/\/www.arbe.nc\/reparation-du-pont-de-riviere-salee-sur-la-vdo\/#primaryimage\"},\"image\":{\"@id\":\"https:\/\/www.arbe.nc\/reparation-du-pont-de-riviere-salee-sur-la-vdo\/#primaryimage\"},\"thumbnailUrl\":\"https:\/\/www.arbe.nc\/wp-content\/uploads\/2018\/07\/Pont-RS-2-min.jpg\",\"datePublished\":\"2018-11-22T03:10:49+00:00\",\"dateModified\":\"2020-07-16T05:38:59+00:00\",\"author\":{\"@id\":\"https:\/\/www.arbe.nc\/#\/schema\/person\/a1522bc82019fee58d72414077a9ac38\"},\"breadcrumb\":{\"@id\":\"https:\/\/www.arbe.nc\/reparation-du-pont-de-riviere-salee-sur-la-vdo\/#breadcrumb\"},\"inLanguage\":\"en-US\",\"potentialAction\":[{\"@type\":\"ReadAction\",\"target\":[\"https:\/\/www.arbe.nc\/reparation-du-pont-de-riviere-salee-sur-la-vdo\/\"]}]},{\"@type\":\"ImageObject\",\"inLanguage\":\"en-US\",\"@id\":\"https:\/\/www.arbe.nc\/reparation-du-pont-de-riviere-salee-sur-la-vdo\/#primaryimage\",\"url\":\"https:\/\/www.arbe.nc\/wp-content\/uploads\/2018\/07\/Pont-RS-2-min.jpg\",\"contentUrl\":\"https:\/\/www.arbe.nc\/wp-content\/uploads\/2018\/07\/Pont-RS-2-min.jpg\",\"width\":1920,\"height\":2560},{\"@type\":\"BreadcrumbList\",\"@id\":\"https:\/\/www.arbe.nc\/reparation-du-pont-de-riviere-salee-sur-la-vdo\/#breadcrumb\",\"itemListElement\":[{\"@type\":\"ListItem\",\"position\":1,\"name\":\"Accueil\",\"item\":\"https:\/\/www.arbe.nc\/\"},{\"@type\":\"ListItem\",\"position\":2,\"name\":\"Riviere Salee bridge repair\"}]},{\"@type\":\"WebSite\",\"@id\":\"https:\/\/www.arbe.nc\/#website\",\"url\":\"https:\/\/www.arbe.nc\/\",\"name\":\"Arbe\",\"description\":\"une entreprise 100% cal\u00e9donienne qui exerce son activit\u00e9 dans le secteur du B.T.P\",\"potentialAction\":[{\"@type\":\"SearchAction\",\"target\":{\"@type\":\"EntryPoint\",\"urlTemplate\":\"https:\/\/www.arbe.nc\/?s={search_term_string}\"},\"query-input\":{\"@type\":\"PropertyValueSpecification\",\"valueRequired\":true,\"valueName\":\"search_term_string\"}}],\"inLanguage\":\"en-US\"},{\"@type\":\"Person\",\"@id\":\"https:\/\/www.arbe.nc\/#\/schema\/person\/a1522bc82019fee58d72414077a9ac38\",\"name\":\"Admin_Contact\",\"image\":{\"@type\":\"ImageObject\",\"inLanguage\":\"en-US\",\"@id\":\"https:\/\/www.arbe.nc\/#\/schema\/person\/image\/\",\"url\":\"https:\/\/secure.gravatar.com\/avatar\/d2c8d25b7be80f1b46c63ff6cb3330cd82eaa0b2b21bfaa3d14698173377397f?s=96&d=mm&r=g\",\"contentUrl\":\"https:\/\/secure.gravatar.com\/avatar\/d2c8d25b7be80f1b46c63ff6cb3330cd82eaa0b2b21bfaa3d14698173377397f?s=96&d=mm&r=g\",\"caption\":\"Admin_Contact\"},\"url\":\"https:\/\/www.arbe.nc\/en\/author\/admin_contact\/\"}]}<\/script>\n<!-- \/ Yoast SEO plugin. -->","yoast_head_json":{"title":"Riviere Salee bridge repair - Arbe","robots":{"index":"index","follow":"follow","max-snippet":"max-snippet:-1","max-image-preview":"max-image-preview:large","max-video-preview":"max-video-preview:-1"},"canonical":"https:\/\/www.arbe.nc\/reparation-du-pont-de-riviere-salee-sur-la-vdo\/","og_locale":"en_US","og_type":"article","og_title":"Riviere Salee bridge repair - Arbe","og_description":"Le chantier de r\u00e9paration du pont de Rivi\u00e8re Sal\u00e9e, sur la voie express est termin\u00e9. Le travail a \u00e9t\u00e9 r\u00e9parti sur 2 \u00e9quipes, une \u00e9quipe de [\u2026]","og_url":"https:\/\/www.arbe.nc\/reparation-du-pont-de-riviere-salee-sur-la-vdo\/","og_site_name":"Arbe","article_publisher":"https:\/\/www.facebook.com\/arbenouvellecaledonie","article_published_time":"2018-11-22T03:10:49+00:00","article_modified_time":"2020-07-16T05:38:59+00:00","og_image":[{"width":1920,"height":2560,"url":"https:\/\/www.arbe.nc\/wp-content\/uploads\/2018\/07\/Pont-RS-2-min.jpg","type":"image\/jpeg"}],"author":"Admin_Contact","twitter_card":"summary_large_image","twitter_misc":{"Written by":"Admin_Contact","Est. reading time":"1 minute"},"schema":{"@context":"https:\/\/schema.org","@graph":[{"@type":"WebPage","@id":"https:\/\/www.arbe.nc\/reparation-du-pont-de-riviere-salee-sur-la-vdo\/","url":"https:\/\/www.arbe.nc\/reparation-du-pont-de-riviere-salee-sur-la-vdo\/","name":"Riviere Salee bridge repair - Arbe","isPartOf":{"@id":"https:\/\/www.arbe.nc\/#website"},"primaryImageOfPage":{"@id":"https:\/\/www.arbe.nc\/reparation-du-pont-de-riviere-salee-sur-la-vdo\/#primaryimage"},"image":{"@id":"https:\/\/www.arbe.nc\/reparation-du-pont-de-riviere-salee-sur-la-vdo\/#primaryimage"},"thumbnailUrl":"https:\/\/www.arbe.nc\/wp-content\/uploads\/2018\/07\/Pont-RS-2-min.jpg","datePublished":"2018-11-22T03:10:49+00:00","dateModified":"2020-07-16T05:38:59+00:00","author":{"@id":"https:\/\/www.arbe.nc\/#\/schema\/person\/a1522bc82019fee58d72414077a9ac38"},"breadcrumb":{"@id":"https:\/\/www.arbe.nc\/reparation-du-pont-de-riviere-salee-sur-la-vdo\/#breadcrumb"},"inLanguage":"en-US","potentialAction":[{"@type":"ReadAction","target":["https:\/\/www.arbe.nc\/reparation-du-pont-de-riviere-salee-sur-la-vdo\/"]}]},{"@type":"ImageObject","inLanguage":"en-US","@id":"https:\/\/www.arbe.nc\/reparation-du-pont-de-riviere-salee-sur-la-vdo\/#primaryimage","url":"https:\/\/www.arbe.nc\/wp-content\/uploads\/2018\/07\/Pont-RS-2-min.jpg","contentUrl":"https:\/\/www.arbe.nc\/wp-content\/uploads\/2018\/07\/Pont-RS-2-min.jpg","width":1920,"height":2560},{"@type":"BreadcrumbList","@id":"https:\/\/www.arbe.nc\/reparation-du-pont-de-riviere-salee-sur-la-vdo\/#breadcrumb","itemListElement":[{"@type":"ListItem","position":1,"name":"Accueil","item":"https:\/\/www.arbe.nc\/"},{"@type":"ListItem","position":2,"name":"Riviere Salee bridge repair"}]},{"@type":"WebSite","@id":"https:\/\/www.arbe.nc\/#website","url":"https:\/\/www.arbe.nc\/","name":"Arbe","description":"une entreprise 100% cal\u00e9donienne qui exerce son activit\u00e9 dans le secteur du B.T.P","potentialAction":[{"@type":"SearchAction","target":{"@type":"EntryPoint","urlTemplate":"https:\/\/www.arbe.nc\/?s={search_term_string}"},"query-input":{"@type":"PropertyValueSpecification","valueRequired":true,"valueName":"search_term_string"}}],"inLanguage":"en-US"},{"@type":"Person","@id":"https:\/\/www.arbe.nc\/#\/schema\/person\/a1522bc82019fee58d72414077a9ac38","name":"Admin_Contact","image":{"@type":"ImageObject","inLanguage":"en-US","@id":"https:\/\/www.arbe.nc\/#\/schema\/person\/image\/","url":"https:\/\/secure.gravatar.com\/avatar\/d2c8d25b7be80f1b46c63ff6cb3330cd82eaa0b2b21bfaa3d14698173377397f?s=96&d=mm&r=g","contentUrl":"https:\/\/secure.gravatar.com\/avatar\/d2c8d25b7be80f1b46c63ff6cb3330cd82eaa0b2b21bfaa3d14698173377397f?s=96&d=mm&r=g","caption":"Admin_Contact"},"url":"https:\/\/www.arbe.nc\/en\/author\/admin_contact\/"}]}},"_links":{"self":[{"href":"https:\/\/www.arbe.nc\/en\/wp-json\/wp\/v2\/posts\/2640","targetHints":{"allow":["GET"]}}],"collection":[{"href":"https:\/\/www.arbe.nc\/en\/wp-json\/wp\/v2\/posts"}],"about":[{"href":"https:\/\/www.arbe.nc\/en\/wp-json\/wp\/v2\/types\/post"}],"author":[{"embeddable":true,"href":"https:\/\/www.arbe.nc\/en\/wp-json\/wp\/v2\/users\/3"}],"replies":[{"embeddable":true,"href":"https:\/\/www.arbe.nc\/en\/wp-json\/wp\/v2\/comments?post=2640"}],"version-history":[{"count":2,"href":"https:\/\/www.arbe.nc\/en\/wp-json\/wp\/v2\/posts\/2640\/revisions"}],"predecessor-version":[{"id":3252,"href":"https:\/\/www.arbe.nc\/en\/wp-json\/wp\/v2\/posts\/2640\/revisions\/3252"}],"wp:featuredmedia":[{"embeddable":true,"href":"https:\/\/www.arbe.nc\/en\/wp-json\/wp\/v2\/media\/2051"}],"wp:attachment":[{"href":"https:\/\/www.arbe.nc\/en\/wp-json\/wp\/v2\/media?parent=2640"}],"wp:term":[{"taxonomy":"category","embeddable":true,"href":"https:\/\/www.arbe.nc\/en\/wp-json\/wp\/v2\/categories?post=2640"},{"taxonomy":"post_tag","embeddable":true,"href":"https:\/\/www.arbe.nc\/en\/wp-json\/wp\/v2\/tags?post=2640"}],"curies":[{"name":"wp","href":"https:\/\/api.w.org\/{rel}","templated":true}]}}